{"id":3318,"date":"2021-07-02T12:24:20","date_gmt":"2021-07-02T11:24:20","guid":{"rendered":"https:\/\/www.a-nse.com\/?p=3318"},"modified":"2021-11-25T12:55:45","modified_gmt":"2021-11-25T11:55:45","slug":"frontex-veut-deployer-ses-ballons-de-surveillance-au-sud-de-la-mediterranee","status":"publish","type":"post","link":"https:\/\/www.a-nse.com\/fr\/frontex-veut-deployer-ses-ballons-de-surveillance-au-sud-de-la-mediterranee\/","title":{"rendered":"Frontex veut d\u00e9ployer ses ballons de surveillance au sud de la M\u00e9diterran\u00e9e"},"content":{"rendered":"\n<style type=\"text\/css\" data-created_by=\"avia_inline_auto\" id=\"style-css-av-4rqzch-599c2a0e5b27c29c4128e1ce57855dbb\">\n.flex_column.av-4rqzch-599c2a0e5b27c29c4128e1ce57855dbb{\npadding:30px 30px 30px 30px;\nbackground-color:#ffffff;\n}\n<\/style>\n<div  class='flex_column av-4rqzch-599c2a0e5b27c29c4128e1ce57855dbb av_two_third  avia-builder-el-0  el_before_av_one_third  avia-builder-el-first  first flex_column_div  '     ><style type=\"text\/css\" data-created_by=\"avia_inline_auto\" id=\"style-css-av-kwdewxry-8d990c78d90b55843df79e9001b29454\">\n.avia-image-container.av-kwdewxry-8d990c78d90b55843df79e9001b29454 img.avia_image{\nbox-shadow:none;\n}\n.avia-image-container.av-kwdewxry-8d990c78d90b55843df79e9001b29454 .av-image-caption-overlay-center{\ncolor:#ffffff;\n}\n<\/style>\n<div  class='avia-image-container av-kwdewxry-8d990c78d90b55843df79e9001b29454 av-styling- av-img-linked avia-align-center  avia-builder-el-1  avia-builder-el-no-sibling '   itemprop=\"image\" itemscope=\"itemscope\" itemtype=\"https:\/\/schema.org\/ImageObject\" ><div class=\"avia-image-container-inner\"><div class=\"avia-image-overlay-wrap\"><a href=\"https:\/\/www.a-nse.com\/v3\/wp-content\/uploads\/2021\/11\/frontex-veut-deployer-ses-ballons-de-surveillance-au-sud-de-la-mediterranee-109241001.pdf\" class='avia_image '  target=\"_blank\"  rel=\"noopener noreferrer\" aria-label='frontex-anse'><img decoding=\"async\" fetchpriority=\"high\" class='wp-image-3319 avia-img-lazy-loading-not-3319 avia_image ' src=\"https:\/\/www.a-nse.com\/wp-content\/uploads\/2021\/11\/frontex-anse.png\" alt='' title='frontex-anse'  height=\"1354\" width=\"951\"  itemprop=\"thumbnailUrl\" srcset=\"https:\/\/www.a-nse.com\/wp-content\/uploads\/2021\/11\/frontex-anse.png 951w, https:\/\/www.a-nse.com\/wp-content\/uploads\/2021\/11\/frontex-anse-211x300.png 211w, https:\/\/www.a-nse.com\/wp-content\/uploads\/2021\/11\/frontex-anse-723x1030.png 723w, https:\/\/www.a-nse.com\/wp-content\/uploads\/2021\/11\/frontex-anse-768x1093.png 768w, https:\/\/www.a-nse.com\/wp-content\/uploads\/2021\/11\/frontex-anse-495x705.png 495w\" sizes=\"(max-width: 951px) 100vw, 951px\" \/><\/a><\/div><\/div><\/div><\/div>\n<style type=\"text\/css\" data-created_by=\"avia_inline_auto\" id=\"style-css-av-6xc8h-3b6c677c5968c5679dd010e6522e3453\">\n.flex_column.av-6xc8h-3b6c677c5968c5679dd010e6522e3453{\npadding:30px 30px 30px 30px;\nbackground-color:#ffffff;\n}\n<\/style>\n<div  class='flex_column av-6xc8h-3b6c677c5968c5679dd010e6522e3453 av_one_third  avia-builder-el-2  el_after_av_two_third  avia-builder-el-last  flex_column_div  '     ><p>\n<style type=\"text\/css\" data-created_by=\"avia_inline_auto\" id=\"style-css-av-kwdf3e2r-2d812fe7263b4a95e3836935926b531f\">\n.avia-image-container.av-kwdf3e2r-2d812fe7263b4a95e3836935926b531f img.avia_image{\nbox-shadow:none;\n}\n.avia-image-container.av-kwdf3e2r-2d812fe7263b4a95e3836935926b531f .av-image-caption-overlay-center{\ncolor:#ffffff;\n}\n<\/style>\n<div  class='avia-image-container av-kwdf3e2r-2d812fe7263b4a95e3836935926b531f av-styling-no-styling avia-align-center  avia-builder-el-3  el_before_av_button  avia-builder-el-first '   itemprop=\"image\" itemscope=\"itemscope\" itemtype=\"https:\/\/schema.org\/ImageObject\" ><div class=\"avia-image-container-inner\"><div class=\"avia-image-overlay-wrap\"><img decoding=\"async\" fetchpriority=\"high\" class='wp-image-3245 avia-img-lazy-loading-not-3245 avia_image ' src=\"https:\/\/www.a-nse.com\/wp-content\/uploads\/2021\/11\/logo-site-aif.webp\" alt='' title='logo-site-AIF'  height=\"148\" width=\"400\"  itemprop=\"thumbnailUrl\" srcset=\"https:\/\/www.a-nse.com\/wp-content\/uploads\/2021\/11\/logo-site-aif.webp 400w, https:\/\/www.a-nse.com\/wp-content\/uploads\/2021\/11\/logo-site-aif-300x111.webp 300w\" sizes=\"(max-width: 400px) 100vw, 400px\" \/><\/div><\/div><\/div><br \/>\n<div  class='avia-button-wrap av-kwdf1yx4-e50bcfb71fc7c38a7284a6f14f59165e-wrap avia-button-center  avia-builder-el-4  el_after_av_image  avia-builder-el-last '><a href='https:\/\/www.a-nse.com\/v3\/wp-content\/uploads\/2021\/11\/frontex-veut-deployer-ses-ballons-de-surveillance-au-sud-de-la-mediterranee-109241001.pdf'  class='avia-button av-kwdf1yx4-e50bcfb71fc7c38a7284a6f14f59165e av-link-btn avia-icon_select-yes-left-icon avia-size-medium avia-position-center avia-color-theme-color'  target=\"_blank\"  rel=\"noopener noreferrer\"  aria-label=\" T\u00e9l\u00e9charger l\u2019article\"><span class='avia_button_icon avia_button_icon_left avia-iconfont avia-font-entypo-fontello' data-av_icon='\ue82d' data-av_iconfont='entypo-fontello' ><\/span><span class='avia_iconbox_title' > T\u00e9l\u00e9charger l\u2019article<\/span><\/a><\/div><\/p><\/div><\/p>\n","protected":false},"excerpt":{"rendered":"<p>AFRICA INTELLIGENCE<\/p>\n","protected":false},"author":5,"featured_media":3365,"comment_status":"closed","ping_status":"closed","sticky":false,"template":"","format":"standard","meta":{"footnotes":""},"categories":[92],"tags":[],"class_list":["post-3318","post","type-post","status-publish","format-standard","has-post-thumbnail","hentry","category-presse"],"yoast_head":"<!-- This site is optimized with the Yoast SEO plugin v27.4 - https:\/\/yoast.com\/product\/yoast-seo-wordpress\/ -->\n<title>Frontex veut d\u00e9ployer ses ballons de surveillance au sud de la M\u00e9diterran\u00e9e - A-NSE<\/title>\n<meta name=\"robots\" content=\"index, follow, max-snippet:-1, max-image-preview:large, max-video-preview:-1\" \/>\n<link rel=\"canonical\" href=\"https:\/\/www.a-nse.com\/fr\/frontex-veut-deployer-ses-ballons-de-surveillance-au-sud-de-la-mediterranee\/\" \/>\n<meta property=\"og:locale\" content=\"fr_FR\" \/>\n<meta property=\"og:type\" content=\"article\" \/>\n<meta property=\"og:title\" content=\"Frontex veut d\u00e9ployer ses ballons de surveillance au sud de la M\u00e9diterran\u00e9e - A-NSE\" \/>\n<meta property=\"og:description\" content=\"AFRICA INTELLIGENCE\" \/>\n<meta property=\"og:url\" content=\"https:\/\/www.a-nse.com\/fr\/frontex-veut-deployer-ses-ballons-de-surveillance-au-sud-de-la-mediterranee\/\" \/>\n<meta property=\"og:site_name\" content=\"A-NSE\" \/>\n<meta property=\"article:published_time\" content=\"2021-07-02T11:24:20+00:00\" \/>\n<meta property=\"article:modified_time\" content=\"2021-11-25T11:55:45+00:00\" \/>\n<meta property=\"og:image\" content=\"https:\/\/www.a-nse.com\/wp-content\/uploads\/2021\/07\/logo-site-aif.jpg\" \/>\n\t<meta property=\"og:image:width\" content=\"500\" \/>\n\t<meta property=\"og:image:height\" content=\"400\" \/>\n\t<meta property=\"og:image:type\" content=\"image\/jpeg\" \/>\n<meta name=\"author\" content=\"limbus\" \/>\n<meta name=\"twitter:card\" content=\"summary_large_image\" \/>\n<meta name=\"twitter:label1\" content=\"\u00c9crit par\" \/>\n\t<meta name=\"twitter:data1\" content=\"limbus\" \/>\n\t<meta name=\"twitter:label2\" content=\"Dur\u00e9e de lecture estim\u00e9e\" \/>\n\t<meta name=\"twitter:data2\" content=\"4 minutes\" \/>\n<script type=\"application\/ld+json\" class=\"yoast-schema-graph\">{\"@context\":\"https:\\\/\\\/schema.org\",\"@graph\":[{\"@type\":\"Article\",\"@id\":\"https:\\\/\\\/www.a-nse.com\\\/fr\\\/frontex-veut-deployer-ses-ballons-de-surveillance-au-sud-de-la-mediterranee\\\/#article\",\"isPartOf\":{\"@id\":\"https:\\\/\\\/www.a-nse.com\\\/fr\\\/frontex-veut-deployer-ses-ballons-de-surveillance-au-sud-de-la-mediterranee\\\/\"},\"author\":{\"name\":\"limbus\",\"@id\":\"https:\\\/\\\/www.a-nse.com\\\/fr\\\/#\\\/schema\\\/person\\\/17f69d553fd022f9341ffd5d9cf78f8d\"},\"headline\":\"Frontex veut d\u00e9ployer ses ballons de surveillance au sud de la M\u00e9diterran\u00e9e\",\"datePublished\":\"2021-07-02T11:24:20+00:00\",\"dateModified\":\"2021-11-25T11:55:45+00:00\",\"mainEntityOfPage\":{\"@id\":\"https:\\\/\\\/www.a-nse.com\\\/fr\\\/frontex-veut-deployer-ses-ballons-de-surveillance-au-sud-de-la-mediterranee\\\/\"},\"wordCount\":649,\"publisher\":{\"@id\":\"https:\\\/\\\/www.a-nse.com\\\/fr\\\/#organization\"},\"image\":{\"@id\":\"https:\\\/\\\/www.a-nse.com\\\/fr\\\/frontex-veut-deployer-ses-ballons-de-surveillance-au-sud-de-la-mediterranee\\\/#primaryimage\"},\"thumbnailUrl\":\"https:\\\/\\\/www.a-nse.com\\\/wp-content\\\/uploads\\\/2021\\\/07\\\/logo-site-aif.jpg\",\"articleSection\":[\"Presse\"],\"inLanguage\":\"fr-FR\"},{\"@type\":\"WebPage\",\"@id\":\"https:\\\/\\\/www.a-nse.com\\\/fr\\\/frontex-veut-deployer-ses-ballons-de-surveillance-au-sud-de-la-mediterranee\\\/\",\"url\":\"https:\\\/\\\/www.a-nse.com\\\/fr\\\/frontex-veut-deployer-ses-ballons-de-surveillance-au-sud-de-la-mediterranee\\\/\",\"name\":\"Frontex veut d\u00e9ployer ses ballons de surveillance au sud de la M\u00e9diterran\u00e9e - A-NSE\",\"isPartOf\":{\"@id\":\"https:\\\/\\\/www.a-nse.com\\\/fr\\\/#website\"},\"primaryImageOfPage\":{\"@id\":\"https:\\\/\\\/www.a-nse.com\\\/fr\\\/frontex-veut-deployer-ses-ballons-de-surveillance-au-sud-de-la-mediterranee\\\/#primaryimage\"},\"image\":{\"@id\":\"https:\\\/\\\/www.a-nse.com\\\/fr\\\/frontex-veut-deployer-ses-ballons-de-surveillance-au-sud-de-la-mediterranee\\\/#primaryimage\"},\"thumbnailUrl\":\"https:\\\/\\\/www.a-nse.com\\\/wp-content\\\/uploads\\\/2021\\\/07\\\/logo-site-aif.jpg\",\"datePublished\":\"2021-07-02T11:24:20+00:00\",\"dateModified\":\"2021-11-25T11:55:45+00:00\",\"breadcrumb\":{\"@id\":\"https:\\\/\\\/www.a-nse.com\\\/fr\\\/frontex-veut-deployer-ses-ballons-de-surveillance-au-sud-de-la-mediterranee\\\/#breadcrumb\"},\"inLanguage\":\"fr-FR\",\"potentialAction\":[{\"@type\":\"ReadAction\",\"target\":[\"https:\\\/\\\/www.a-nse.com\\\/fr\\\/frontex-veut-deployer-ses-ballons-de-surveillance-au-sud-de-la-mediterranee\\\/\"]}]},{\"@type\":\"ImageObject\",\"inLanguage\":\"fr-FR\",\"@id\":\"https:\\\/\\\/www.a-nse.com\\\/fr\\\/frontex-veut-deployer-ses-ballons-de-surveillance-au-sud-de-la-mediterranee\\\/#primaryimage\",\"url\":\"https:\\\/\\\/www.a-nse.com\\\/wp-content\\\/uploads\\\/2021\\\/07\\\/logo-site-aif.jpg\",\"contentUrl\":\"https:\\\/\\\/www.a-nse.com\\\/wp-content\\\/uploads\\\/2021\\\/07\\\/logo-site-aif.jpg\",\"width\":500,\"height\":400},{\"@type\":\"BreadcrumbList\",\"@id\":\"https:\\\/\\\/www.a-nse.com\\\/fr\\\/frontex-veut-deployer-ses-ballons-de-surveillance-au-sud-de-la-mediterranee\\\/#breadcrumb\",\"itemListElement\":[{\"@type\":\"ListItem\",\"position\":1,\"name\":\"Accueil\",\"item\":\"https:\\\/\\\/www.a-nse.com\\\/fr\\\/home-2023\\\/\"},{\"@type\":\"ListItem\",\"position\":2,\"name\":\"Frontex veut d\u00e9ployer ses ballons de surveillance au sud de la M\u00e9diterran\u00e9e\"}]},{\"@type\":\"WebSite\",\"@id\":\"https:\\\/\\\/www.a-nse.com\\\/fr\\\/#website\",\"url\":\"https:\\\/\\\/www.a-nse.com\\\/fr\\\/\",\"name\":\"A-NSE\",\"description\":\"Aero-nautic services &amp; engineering\",\"publisher\":{\"@id\":\"https:\\\/\\\/www.a-nse.com\\\/fr\\\/#organization\"},\"potentialAction\":[{\"@type\":\"SearchAction\",\"target\":{\"@type\":\"EntryPoint\",\"urlTemplate\":\"https:\\\/\\\/www.a-nse.com\\\/fr\\\/?s={search_term_string}\"},\"query-input\":{\"@type\":\"PropertyValueSpecification\",\"valueRequired\":true,\"valueName\":\"search_term_string\"}}],\"inLanguage\":\"fr-FR\"},{\"@type\":\"Organization\",\"@id\":\"https:\\\/\\\/www.a-nse.com\\\/fr\\\/#organization\",\"name\":\"A-NSE\",\"url\":\"https:\\\/\\\/www.a-nse.com\\\/fr\\\/\",\"logo\":{\"@type\":\"ImageObject\",\"inLanguage\":\"fr-FR\",\"@id\":\"https:\\\/\\\/www.a-nse.com\\\/fr\\\/#\\\/schema\\\/logo\\\/image\\\/\",\"url\":\"https:\\\/\\\/www.a-nse.com\\\/wp-content\\\/uploads\\\/2023\\\/10\\\/logo-a-nse-2023-ok.png\",\"contentUrl\":\"https:\\\/\\\/www.a-nse.com\\\/wp-content\\\/uploads\\\/2023\\\/10\\\/logo-a-nse-2023-ok.png\",\"width\":666,\"height\":231,\"caption\":\"A-NSE\"},\"image\":{\"@id\":\"https:\\\/\\\/www.a-nse.com\\\/fr\\\/#\\\/schema\\\/logo\\\/image\\\/\"}},{\"@type\":\"Person\",\"@id\":\"https:\\\/\\\/www.a-nse.com\\\/fr\\\/#\\\/schema\\\/person\\\/17f69d553fd022f9341ffd5d9cf78f8d\",\"name\":\"limbus\",\"image\":{\"@type\":\"ImageObject\",\"inLanguage\":\"fr-FR\",\"@id\":\"https:\\\/\\\/secure.gravatar.com\\\/avatar\\\/7574c8637261273cebda8df473bd4a382c7cc782dea8e3c46ecc9c7692307ad0?s=96&d=mm&r=g\",\"url\":\"https:\\\/\\\/secure.gravatar.com\\\/avatar\\\/7574c8637261273cebda8df473bd4a382c7cc782dea8e3c46ecc9c7692307ad0?s=96&d=mm&r=g\",\"contentUrl\":\"https:\\\/\\\/secure.gravatar.com\\\/avatar\\\/7574c8637261273cebda8df473bd4a382c7cc782dea8e3c46ecc9c7692307ad0?s=96&d=mm&r=g\",\"caption\":\"limbus\"},\"url\":\"https:\\\/\\\/www.a-nse.com\\\/fr\\\/author\\\/limbus\\\/\"}]}<\/script>\n<!-- \/ Yoast SEO plugin. -->","yoast_head_json":{"title":"Frontex veut d\u00e9ployer ses ballons de surveillance au sud de la M\u00e9diterran\u00e9e - A-NSE","robots":{"index":"index","follow":"follow","max-snippet":"max-snippet:-1","max-image-preview":"max-image-preview:large","max-video-preview":"max-video-preview:-1"},"canonical":"https:\/\/www.a-nse.com\/fr\/frontex-veut-deployer-ses-ballons-de-surveillance-au-sud-de-la-mediterranee\/","og_locale":"fr_FR","og_type":"article","og_title":"Frontex veut d\u00e9ployer ses ballons de surveillance au sud de la M\u00e9diterran\u00e9e - A-NSE","og_description":"AFRICA INTELLIGENCE","og_url":"https:\/\/www.a-nse.com\/fr\/frontex-veut-deployer-ses-ballons-de-surveillance-au-sud-de-la-mediterranee\/","og_site_name":"A-NSE","article_published_time":"2021-07-02T11:24:20+00:00","article_modified_time":"2021-11-25T11:55:45+00:00","og_image":[{"width":500,"height":400,"url":"https:\/\/www.a-nse.com\/wp-content\/uploads\/2021\/07\/logo-site-aif.jpg","type":"image\/jpeg"}],"author":"limbus","twitter_card":"summary_large_image","twitter_misc":{"\u00c9crit par":"limbus","Dur\u00e9e de lecture estim\u00e9e":"4 minutes"},"schema":{"@context":"https:\/\/schema.org","@graph":[{"@type":"Article","@id":"https:\/\/www.a-nse.com\/fr\/frontex-veut-deployer-ses-ballons-de-surveillance-au-sud-de-la-mediterranee\/#article","isPartOf":{"@id":"https:\/\/www.a-nse.com\/fr\/frontex-veut-deployer-ses-ballons-de-surveillance-au-sud-de-la-mediterranee\/"},"author":{"name":"limbus","@id":"https:\/\/www.a-nse.com\/fr\/#\/schema\/person\/17f69d553fd022f9341ffd5d9cf78f8d"},"headline":"Frontex veut d\u00e9ployer ses ballons de surveillance au sud de la M\u00e9diterran\u00e9e","datePublished":"2021-07-02T11:24:20+00:00","dateModified":"2021-11-25T11:55:45+00:00","mainEntityOfPage":{"@id":"https:\/\/www.a-nse.com\/fr\/frontex-veut-deployer-ses-ballons-de-surveillance-au-sud-de-la-mediterranee\/"},"wordCount":649,"publisher":{"@id":"https:\/\/www.a-nse.com\/fr\/#organization"},"image":{"@id":"https:\/\/www.a-nse.com\/fr\/frontex-veut-deployer-ses-ballons-de-surveillance-au-sud-de-la-mediterranee\/#primaryimage"},"thumbnailUrl":"https:\/\/www.a-nse.com\/wp-content\/uploads\/2021\/07\/logo-site-aif.jpg","articleSection":["Presse"],"inLanguage":"fr-FR"},{"@type":"WebPage","@id":"https:\/\/www.a-nse.com\/fr\/frontex-veut-deployer-ses-ballons-de-surveillance-au-sud-de-la-mediterranee\/","url":"https:\/\/www.a-nse.com\/fr\/frontex-veut-deployer-ses-ballons-de-surveillance-au-sud-de-la-mediterranee\/","name":"Frontex veut d\u00e9ployer ses ballons de surveillance au sud de la M\u00e9diterran\u00e9e - A-NSE","isPartOf":{"@id":"https:\/\/www.a-nse.com\/fr\/#website"},"primaryImageOfPage":{"@id":"https:\/\/www.a-nse.com\/fr\/frontex-veut-deployer-ses-ballons-de-surveillance-au-sud-de-la-mediterranee\/#primaryimage"},"image":{"@id":"https:\/\/www.a-nse.com\/fr\/frontex-veut-deployer-ses-ballons-de-surveillance-au-sud-de-la-mediterranee\/#primaryimage"},"thumbnailUrl":"https:\/\/www.a-nse.com\/wp-content\/uploads\/2021\/07\/logo-site-aif.jpg","datePublished":"2021-07-02T11:24:20+00:00","dateModified":"2021-11-25T11:55:45+00:00","breadcrumb":{"@id":"https:\/\/www.a-nse.com\/fr\/frontex-veut-deployer-ses-ballons-de-surveillance-au-sud-de-la-mediterranee\/#breadcrumb"},"inLanguage":"fr-FR","potentialAction":[{"@type":"ReadAction","target":["https:\/\/www.a-nse.com\/fr\/frontex-veut-deployer-ses-ballons-de-surveillance-au-sud-de-la-mediterranee\/"]}]},{"@type":"ImageObject","inLanguage":"fr-FR","@id":"https:\/\/www.a-nse.com\/fr\/frontex-veut-deployer-ses-ballons-de-surveillance-au-sud-de-la-mediterranee\/#primaryimage","url":"https:\/\/www.a-nse.com\/wp-content\/uploads\/2021\/07\/logo-site-aif.jpg","contentUrl":"https:\/\/www.a-nse.com\/wp-content\/uploads\/2021\/07\/logo-site-aif.jpg","width":500,"height":400},{"@type":"BreadcrumbList","@id":"https:\/\/www.a-nse.com\/fr\/frontex-veut-deployer-ses-ballons-de-surveillance-au-sud-de-la-mediterranee\/#breadcrumb","itemListElement":[{"@type":"ListItem","position":1,"name":"Accueil","item":"https:\/\/www.a-nse.com\/fr\/home-2023\/"},{"@type":"ListItem","position":2,"name":"Frontex veut d\u00e9ployer ses ballons de surveillance au sud de la M\u00e9diterran\u00e9e"}]},{"@type":"WebSite","@id":"https:\/\/www.a-nse.com\/fr\/#website","url":"https:\/\/www.a-nse.com\/fr\/","name":"A-NSE","description":"Aero-nautic services &amp; engineering","publisher":{"@id":"https:\/\/www.a-nse.com\/fr\/#organization"},"potentialAction":[{"@type":"SearchAction","target":{"@type":"EntryPoint","urlTemplate":"https:\/\/www.a-nse.com\/fr\/?s={search_term_string}"},"query-input":{"@type":"PropertyValueSpecification","valueRequired":true,"valueName":"search_term_string"}}],"inLanguage":"fr-FR"},{"@type":"Organization","@id":"https:\/\/www.a-nse.com\/fr\/#organization","name":"A-NSE","url":"https:\/\/www.a-nse.com\/fr\/","logo":{"@type":"ImageObject","inLanguage":"fr-FR","@id":"https:\/\/www.a-nse.com\/fr\/#\/schema\/logo\/image\/","url":"https:\/\/www.a-nse.com\/wp-content\/uploads\/2023\/10\/logo-a-nse-2023-ok.png","contentUrl":"https:\/\/www.a-nse.com\/wp-content\/uploads\/2023\/10\/logo-a-nse-2023-ok.png","width":666,"height":231,"caption":"A-NSE"},"image":{"@id":"https:\/\/www.a-nse.com\/fr\/#\/schema\/logo\/image\/"}},{"@type":"Person","@id":"https:\/\/www.a-nse.com\/fr\/#\/schema\/person\/17f69d553fd022f9341ffd5d9cf78f8d","name":"limbus","image":{"@type":"ImageObject","inLanguage":"fr-FR","@id":"https:\/\/secure.gravatar.com\/avatar\/7574c8637261273cebda8df473bd4a382c7cc782dea8e3c46ecc9c7692307ad0?s=96&d=mm&r=g","url":"https:\/\/secure.gravatar.com\/avatar\/7574c8637261273cebda8df473bd4a382c7cc782dea8e3c46ecc9c7692307ad0?s=96&d=mm&r=g","contentUrl":"https:\/\/secure.gravatar.com\/avatar\/7574c8637261273cebda8df473bd4a382c7cc782dea8e3c46ecc9c7692307ad0?s=96&d=mm&r=g","caption":"limbus"},"url":"https:\/\/www.a-nse.com\/fr\/author\/limbus\/"}]}},"_links":{"self":[{"href":"https:\/\/www.a-nse.com\/fr\/wp-json\/wp\/v2\/posts\/3318","targetHints":{"allow":["GET"]}}],"collection":[{"href":"https:\/\/www.a-nse.com\/fr\/wp-json\/wp\/v2\/posts"}],"about":[{"href":"https:\/\/www.a-nse.com\/fr\/wp-json\/wp\/v2\/types\/post"}],"author":[{"embeddable":true,"href":"https:\/\/www.a-nse.com\/fr\/wp-json\/wp\/v2\/users\/5"}],"replies":[{"embeddable":true,"href":"https:\/\/www.a-nse.com\/fr\/wp-json\/wp\/v2\/comments?post=3318"}],"version-history":[{"count":0,"href":"https:\/\/www.a-nse.com\/fr\/wp-json\/wp\/v2\/posts\/3318\/revisions"}],"wp:featuredmedia":[{"embeddable":true,"href":"https:\/\/www.a-nse.com\/fr\/wp-json\/wp\/v2\/media\/3365"}],"wp:attachment":[{"href":"https:\/\/www.a-nse.com\/fr\/wp-json\/wp\/v2\/media?parent=3318"}],"wp:term":[{"taxonomy":"category","embeddable":true,"href":"https:\/\/www.a-nse.com\/fr\/wp-json\/wp\/v2\/categories?post=3318"},{"taxonomy":"post_tag","embeddable":true,"href":"https:\/\/www.a-nse.com\/fr\/wp-json\/wp\/v2\/tags?post=3318"}],"curies":[{"name":"wp","href":"https:\/\/api.w.org\/{rel}","templated":true}]}}